{"id":48,"date":"2018-05-28T10:59:03","date_gmt":"2018-05-28T13:59:03","guid":{"rendered":"http:\/\/www.ctaimoveis.com\/blog\/?p=48"},"modified":"2018-05-28T10:59:03","modified_gmt":"2018-05-28T13:59:03","slug":"conheca-mata-de-sao-joao","status":"publish","type":"post","link":"https:\/\/www.ctaimoveis.com\/blog\/index.php\/2018\/05\/28\/conheca-mata-de-sao-joao\/","title":{"rendered":"Conhe\u00e7a Mata de S\u00e3o Jo\u00e3o"},"content":{"rendered":"<p class=\"style4\">O munic\u00edpio de Mata de S\u00e3o Jo\u00e3o guarda grande patrim\u00f4nio hist\u00f3rico, possui imensas belezas naturais, 28 km de praias, mata atl\u00e2ntica, rios, lagoas e coqueirais. Tem 44 mil habitantes (2013) e \u00e9 um dos principais destinos tur\u00edsticos do Brasil.<\/p>\n<p class=\"style4\">A hist\u00f3ria conhecida do munic\u00edpio come\u00e7a em 1549 quando Garcia d&#8217;\u00c1vila, membro da comitiva de Thom\u00e9 de Sousa, estabeleceu-se na regi\u00e3o, que era habitada pelos tupinamb\u00e1s. Em uma colina, perto da atual Praia do Forte, Garcia d&#8217;\u00c1vila come\u00e7ou a construir seu castelo, em 1551. A Torre do Castelo tinha localiza\u00e7\u00e3o estrat\u00e9gica para a defesa do territ\u00f3rio.<\/p>\n<p class=\"style4\">Hoje, as principais atividades econ\u00f4micas do munic\u00edpio tem rela\u00e7\u00e3o com o turismo, principalmente em\u00a0<b>Praia do Forte<\/b>,\u00a0<b>Imbassa\u00ed<\/b>\u00a0e\u00a0<b>Sau\u00edpe<\/b>.<\/p>\n","protected":false},"excerpt":{"rendered":"<p>O munic\u00edpio de Mata de S\u00e3o Jo\u00e3o guarda grande patrim\u00f4nio hist\u00f3rico, possui imensas belezas naturais, 28 km de praias, mata atl\u00e2ntica, rios, lagoas e coqueirais. Tem 44 mil habitantes (2013) e \u00e9 um dos principais destinos tur\u00edsticos do Brasil. A hist\u00f3ria conhecida do munic\u00edpio come\u00e7a em 1549 quando Garcia d&#8217;\u00c1vila, membro da comitiva de Thom\u00e9 [&hellip;]<\/p>\n","protected":false},"author":1,"featured_media":49,"comment_status":"open","ping_status":"open","sticky":false,"template":"","format":"standard","meta":{"footnotes":""},"categories":[3],"tags":[],"class_list":["post-48","post","type-post","status-publish","format-standard","has-post-thumbnail","hentry","category-mata-de-sao-joao"],"_links":{"self":[{"href":"https:\/\/www.ctaimoveis.com\/blog\/index.php\/wp-json\/wp\/v2\/posts\/48","targetHints":{"allow":["GET"]}}],"collection":[{"href":"https:\/\/www.ctaimoveis.com\/blog\/index.php\/wp-json\/wp\/v2\/posts"}],"about":[{"href":"https:\/\/www.ctaimoveis.com\/blog\/index.php\/wp-json\/wp\/v2\/types\/post"}],"author":[{"embeddable":true,"href":"https:\/\/www.ctaimoveis.com\/blog\/index.php\/wp-json\/wp\/v2\/users\/1"}],"replies":[{"embeddable":true,"href":"https:\/\/www.ctaimoveis.com\/blog\/index.php\/wp-json\/wp\/v2\/comments?post=48"}],"version-history":[{"count":1,"href":"https:\/\/www.ctaimoveis.com\/blog\/index.php\/wp-json\/wp\/v2\/posts\/48\/revisions"}],"predecessor-version":[{"id":50,"href":"https:\/\/www.ctaimoveis.com\/blog\/index.php\/wp-json\/wp\/v2\/posts\/48\/revisions\/50"}],"wp:featuredmedia":[{"embeddable":true,"href":"https:\/\/www.ctaimoveis.com\/blog\/index.php\/wp-json\/wp\/v2\/media\/49"}],"wp:attachment":[{"href":"https:\/\/www.ctaimoveis.com\/blog\/index.php\/wp-json\/wp\/v2\/media?parent=48"}],"wp:term":[{"taxonomy":"category","embeddable":true,"href":"https:\/\/www.ctaimoveis.com\/blog\/index.php\/wp-json\/wp\/v2\/categories?post=48"},{"taxonomy":"post_tag","embeddable":true,"href":"https:\/\/www.ctaimoveis.com\/blog\/index.php\/wp-json\/wp\/v2\/tags?post=48"}],"curies":[{"name":"wp","href":"https:\/\/api.w.org\/{rel}","templated":true}]}}